{"id":28551,"date":"2026-04-27T10:03:26","date_gmt":"2026-04-27T09:03:26","guid":{"rendered":"https:\/\/www.praderwillicat.org\/prader-willi-catalunya-se-suma-a-la-ilp-por-la-concertacion-social\/"},"modified":"2026-04-27T10:28:31","modified_gmt":"2026-04-27T09:28:31","slug":"prader-willi-catalunya-se-suma-a-la-ilp-por-la-concertacion-social","status":"publish","type":"post","link":"https:\/\/www.praderwillicat.org\/es\/prader-willi-catalunya-se-suma-a-la-ilp-por-la-concertacion-social\/","title":{"rendered":"Prader-Willi Catalunya se suma a la ILP por la Concertaci\u00f3n Social"},"content":{"rendered":"\t\t<div data-elementor-type=\"wp-post\" data-elementor-id=\"28551\" class=\"elementor elementor-28551 elementor-28540\">\n\t\t\t\t\t\t<section class=\"elementor-section elementor-top-section elementor-element elementor-element-a0b3989 elementor-section-boxed elementor-section-height-default elementor-section-height-default\" data-id=\"a0b3989\" data-element_type=\"section\" data-e-type=\"section\">\n\t\t\t\t\t\t<div class=\"elementor-container elementor-column-gap-default\">\n\t\t\t\t\t<div class=\"elementor-column elementor-col-100 elementor-top-column elementor-element elementor-element-45f67a8\" data-id=\"45f67a8\" data-element_type=\"column\" data-e-type=\"column\">\n\t\t\t<div class=\"elementor-widget-wrap elementor-element-populated\">\n\t\t\t\t\t\t<div class=\"elementor-element elementor-element-ed458f3 elementor-widget elementor-widget-text-editor\" data-id=\"ed458f3\" data-element_type=\"widget\" data-e-type=\"widget\" data-widget_type=\"text-editor.default\">\n\t\t\t\t<div class=\"elementor-widget-container\">\n\t\t\t\t\t\t\t\t\t<p><strong>Desde Prader-Willi Catalunya nos hemos adherido a la Iniciativa Legislativa Popular (ILP) por la Concertaci\u00f3n Social, una propuesta impulsada para proteger el modelo de atenci\u00f3n a las personas con discapacidad y garantizar que los servicios sociales contin\u00faen en manos de entidades sin \u00e1nimo de lucro.<\/strong><\/p><p>La campa\u00f1a nace ante la preocupaci\u00f3n generada por una nueva regulaci\u00f3n que podr\u00eda abrir la puerta a que empresas con \u00e1nimo de lucro gestionen servicios esenciales vinculados a la discapacidad. Desde nuestra entidad compartimos una idea clara: <strong>la atenci\u00f3n a las personas debe priorizar siempre el bienestar, la calidad del acompa\u00f1amiento y la reinversi\u00f3n de los recursos en mejorar la vida de quienes m\u00e1s lo necesitan, no la obtenci\u00f3n de beneficios econ\u00f3micos.<\/strong><\/p><p>Las entidades sociales llevamos d\u00e9cadas trabajando desde la proximidad, el compromiso y el conocimiento especializado. En el caso de las familias vinculadas al s\u00edndrome de Prader-Willi, sabemos que una atenci\u00f3n adecuada requiere sensibilidad, continuidad, experiencia y una mirada centrada en la persona y su entorno.<br \/>Por ello, animamos a nuestra comunidad y a toda la ciudadan\u00eda a apoyar esta iniciativa.<\/p><p><strong>\u00bfC\u00f3mo puedes colaborar?<\/strong><br \/><strong><span style=\"text-decoration: underline;\">Firmando la ILP<\/span>\u00a0<\/strong><br \/>Puedes localizar tu punto de firma m\u00e1s cercano a trav\u00e9s del perfil de la campa\u00f1a @concertaciosocial_discapacitat o contactar directamente con el equipo t\u00e9cnico:<br \/>concertaciosocial@gmail.com<br \/>688 964 460<\/p><p><span style=\"text-decoration: underline;\"><strong>Difundiendo la iniciativa<\/strong><\/span><br \/>Comparte esta campa\u00f1a en redes sociales, grupos y canales de comunicaci\u00f3n para llegar a m\u00e1s personas.<\/p><p><span style=\"text-decoration: underline;\"><strong>Implic\u00e1ndote activamente<\/strong><\/span><br \/>Si puedes recoger firmas, solicita pliegos y ayuda a movilizar tu entorno.<\/p><p><strong>Es momento de defender nuestros derechos<\/strong><br \/>Creemos en unos servicios sociales basados en la calidad, la equidad y el compromiso social. Por eso, hoy m\u00e1s que nunca, alzamos la voz para recordar que los derechos de las personas con discapacidad no est\u00e1n en venta.<\/p>\t\t\t\t\t\t\t\t<\/div>\n\t\t\t\t<\/div>\n\t\t\t\t\t<\/div>\n\t\t<\/div>\n\t\t\t\t\t<\/div>\n\t\t<\/section>\n\t\t\t\t<\/div>\n\t\t","protected":false},"excerpt":{"rendered":"<p>Desde Prader-Willi Catalunya nos hemos adherido a la Iniciativa Legislativa Popular (ILP) por la Concertaci\u00f3n Social, una propuesta impulsada para proteger el modelo de atenci\u00f3n a las personas con discapacidad y garantizar que los servicios sociales contin\u00faen en manos de entidades sin \u00e1nimo de lucro. La campa\u00f1a nace ante la preocupaci\u00f3n generada por una nueva &#8230; <a title=\"Prader-Willi Catalunya se suma a la ILP por la Concertaci\u00f3n Social\" class=\"read-more\" href=\"https:\/\/www.praderwillicat.org\/es\/prader-willi-catalunya-se-suma-a-la-ilp-por-la-concertacion-social\/\">Read more<\/a><\/p>\n","protected":false},"author":8,"featured_media":28542,"comment_status":"closed","ping_status":"open","sticky":false,"template":"","format":"standard","meta":{"generate_page_header":"","footnotes":""},"categories":[157,244],"tags":[],"class_list":["post-28551","post","type-post","status-publish","format-standard","has-post-thumbnail","hentry","category-noticias","category-noticias-inicio"],"yoast_head":"<!-- This site is optimized with the Yoast SEO plugin v20.4 - https:\/\/yoast.com\/wordpress\/plugins\/seo\/ -->\n<title>Prader-Willi Catalunya se suma a la ILP por la Concertaci\u00f3n Social - Prader-Willi Catalunya<\/title>\n<meta name=\"robots\" content=\"index, follow, max-snippet:-1, max-image-preview:large, max-video-preview:-1\" \/>\n<link rel=\"canonical\" href=\"https:\/\/www.praderwillicat.org\/es\/prader-willi-catalunya-se-suma-a-la-ilp-por-la-concertacion-social\/\" \/>\n<meta property=\"og:locale\" content=\"es_ES\" \/>\n<meta property=\"og:type\" content=\"article\" \/>\n<meta property=\"og:title\" content=\"Prader-Willi Catalunya se suma a la ILP por la Concertaci\u00f3n Social - Prader-Willi Catalunya\" \/>\n<meta property=\"og:description\" content=\"Desde Prader-Willi Catalunya nos hemos adherido a la Iniciativa Legislativa Popular (ILP) por la Concertaci\u00f3n Social, una propuesta impulsada para proteger el modelo de atenci\u00f3n a las personas con discapacidad y garantizar que los servicios sociales contin\u00faen en manos de entidades sin \u00e1nimo de lucro. La campa\u00f1a nace ante la preocupaci\u00f3n generada por una nueva ... Read more\" \/>\n<meta property=\"og:url\" content=\"https:\/\/www.praderwillicat.org\/es\/prader-willi-catalunya-se-suma-a-la-ilp-por-la-concertacion-social\/\" \/>\n<meta property=\"og:site_name\" content=\"Prader-Willi Catalunya\" \/>\n<meta property=\"article:published_time\" content=\"2026-04-27T09:03:26+00:00\" \/>\n<meta property=\"article:modified_time\" content=\"2026-04-27T09:28:31+00:00\" \/>\n<meta property=\"og:image\" content=\"https:\/\/www.praderwillicat.org\/wp-content\/uploads\/2026\/04\/ILP-CONCERT-PUBLIC-600-x-400-px.png\" \/>\n\t<meta property=\"og:image:width\" content=\"600\" \/>\n\t<meta property=\"og:image:height\" content=\"400\" \/>\n\t<meta property=\"og:image:type\" content=\"image\/png\" \/>\n<meta name=\"author\" content=\"Comunicaci\u00f3\" \/>\n<meta name=\"twitter:card\" content=\"summary_large_image\" \/>\n<meta name=\"twitter:label1\" content=\"Escrito por\" \/>\n\t<meta name=\"twitter:data1\" content=\"Comunicaci\u00f3\" \/>\n\t<meta name=\"twitter:label2\" content=\"Tiempo de lectura\" \/>\n\t<meta name=\"twitter:data2\" content=\"2 minutos\" \/>\n<script type=\"application\/ld+json\" class=\"yoast-schema-graph\">{\"@context\":\"https:\/\/schema.org\",\"@graph\":[{\"@type\":\"Article\",\"@id\":\"https:\/\/www.praderwillicat.org\/es\/prader-willi-catalunya-se-suma-a-la-ilp-por-la-concertacion-social\/#article\",\"isPartOf\":{\"@id\":\"https:\/\/www.praderwillicat.org\/es\/prader-willi-catalunya-se-suma-a-la-ilp-por-la-concertacion-social\/\"},\"author\":{\"name\":\"Comunicaci\u00f3\",\"@id\":\"https:\/\/www.praderwillicat.org\/es\/#\/schema\/person\/bfa7a7b9570a08465f2e89b7e333c980\"},\"headline\":\"Prader-Willi Catalunya se suma a la ILP por la Concertaci\u00f3n Social\",\"datePublished\":\"2026-04-27T09:03:26+00:00\",\"dateModified\":\"2026-04-27T09:28:31+00:00\",\"mainEntityOfPage\":{\"@id\":\"https:\/\/www.praderwillicat.org\/es\/prader-willi-catalunya-se-suma-a-la-ilp-por-la-concertacion-social\/\"},\"wordCount\":327,\"publisher\":{\"@id\":\"https:\/\/www.praderwillicat.org\/es\/#organization\"},\"articleSection\":[\"Noticias\",\"Noticias inicio\"],\"inLanguage\":\"es\"},{\"@type\":\"WebPage\",\"@id\":\"https:\/\/www.praderwillicat.org\/es\/prader-willi-catalunya-se-suma-a-la-ilp-por-la-concertacion-social\/\",\"url\":\"https:\/\/www.praderwillicat.org\/es\/prader-willi-catalunya-se-suma-a-la-ilp-por-la-concertacion-social\/\",\"name\":\"Prader-Willi Catalunya se suma a la ILP por la Concertaci\u00f3n Social - Prader-Willi Catalunya\",\"isPartOf\":{\"@id\":\"https:\/\/www.praderwillicat.org\/es\/#website\"},\"datePublished\":\"2026-04-27T09:03:26+00:00\",\"dateModified\":\"2026-04-27T09:28:31+00:00\",\"breadcrumb\":{\"@id\":\"https:\/\/www.praderwillicat.org\/es\/prader-willi-catalunya-se-suma-a-la-ilp-por-la-concertacion-social\/#breadcrumb\"},\"inLanguage\":\"es\",\"potentialAction\":[{\"@type\":\"ReadAction\",\"target\":[\"https:\/\/www.praderwillicat.org\/es\/prader-willi-catalunya-se-suma-a-la-ilp-por-la-concertacion-social\/\"]}]},{\"@type\":\"BreadcrumbList\",\"@id\":\"https:\/\/www.praderwillicat.org\/es\/prader-willi-catalunya-se-suma-a-la-ilp-por-la-concertacion-social\/#breadcrumb\",\"itemListElement\":[{\"@type\":\"ListItem\",\"position\":1,\"name\":\"Inici\",\"item\":\"https:\/\/www.praderwillicat.org\/\"},{\"@type\":\"ListItem\",\"position\":2,\"name\":\"Prader-Willi Catalunya se suma a la ILP por la Concertaci\u00f3n Social\"}]},{\"@type\":\"WebSite\",\"@id\":\"https:\/\/www.praderwillicat.org\/es\/#website\",\"url\":\"https:\/\/www.praderwillicat.org\/es\/\",\"name\":\"Prader-Willi Catalunya\",\"description\":\"Associaci\u00f3 de fam\u00edlies afectades per la S\u00edndrome de Prader-Willi\",\"publisher\":{\"@id\":\"https:\/\/www.praderwillicat.org\/es\/#organization\"},\"potentialAction\":[{\"@type\":\"SearchAction\",\"target\":{\"@type\":\"EntryPoint\",\"urlTemplate\":\"https:\/\/www.praderwillicat.org\/es\/?s={search_term_string}\"},\"query-input\":\"required name=search_term_string\"}],\"inLanguage\":\"es\"},{\"@type\":\"Organization\",\"@id\":\"https:\/\/www.praderwillicat.org\/es\/#organization\",\"name\":\"Prader-Willi Catalunya\",\"url\":\"https:\/\/www.praderwillicat.org\/es\/\",\"logo\":{\"@type\":\"ImageObject\",\"inLanguage\":\"es\",\"@id\":\"https:\/\/www.praderwillicat.org\/es\/#\/schema\/logo\/image\/\",\"url\":\"https:\/\/www.praderwillicat.org\/wp-content\/uploads\/2022\/04\/cropped-logotipo_prader-willi_25_color_.png\",\"contentUrl\":\"https:\/\/www.praderwillicat.org\/wp-content\/uploads\/2022\/04\/cropped-logotipo_prader-willi_25_color_.png\",\"width\":1916,\"height\":385,\"caption\":\"Prader-Willi Catalunya\"},\"image\":{\"@id\":\"https:\/\/www.praderwillicat.org\/es\/#\/schema\/logo\/image\/\"}},{\"@type\":\"Person\",\"@id\":\"https:\/\/www.praderwillicat.org\/es\/#\/schema\/person\/bfa7a7b9570a08465f2e89b7e333c980\",\"name\":\"Comunicaci\u00f3\",\"image\":{\"@type\":\"ImageObject\",\"inLanguage\":\"es\",\"@id\":\"https:\/\/www.praderwillicat.org\/es\/#\/schema\/person\/image\/\",\"url\":\"https:\/\/secure.gravatar.com\/avatar\/f8ad0cdd714968d1292b89ba58ebb5d6410e06d6be4930fb9d6fa53e5ca08fd1?s=96&d=mm&r=g\",\"contentUrl\":\"https:\/\/secure.gravatar.com\/avatar\/f8ad0cdd714968d1292b89ba58ebb5d6410e06d6be4930fb9d6fa53e5ca08fd1?s=96&d=mm&r=g\",\"caption\":\"Comunicaci\u00f3\"},\"url\":\"https:\/\/www.praderwillicat.org\/es\/author\/anna-pw\/\"}]}<\/script>\n<!-- \/ Yoast SEO plugin. -->","yoast_head_json":{"title":"Prader-Willi Catalunya se suma a la ILP por la Concertaci\u00f3n Social - Prader-Willi Catalunya","robots":{"index":"index","follow":"follow","max-snippet":"max-snippet:-1","max-image-preview":"max-image-preview:large","max-video-preview":"max-video-preview:-1"},"canonical":"https:\/\/www.praderwillicat.org\/es\/prader-willi-catalunya-se-suma-a-la-ilp-por-la-concertacion-social\/","og_locale":"es_ES","og_type":"article","og_title":"Prader-Willi Catalunya se suma a la ILP por la Concertaci\u00f3n Social - Prader-Willi Catalunya","og_description":"Desde Prader-Willi Catalunya nos hemos adherido a la Iniciativa Legislativa Popular (ILP) por la Concertaci\u00f3n Social, una propuesta impulsada para proteger el modelo de atenci\u00f3n a las personas con discapacidad y garantizar que los servicios sociales contin\u00faen en manos de entidades sin \u00e1nimo de lucro. La campa\u00f1a nace ante la preocupaci\u00f3n generada por una nueva ... Read more","og_url":"https:\/\/www.praderwillicat.org\/es\/prader-willi-catalunya-se-suma-a-la-ilp-por-la-concertacion-social\/","og_site_name":"Prader-Willi Catalunya","article_published_time":"2026-04-27T09:03:26+00:00","article_modified_time":"2026-04-27T09:28:31+00:00","og_image":[{"width":600,"height":400,"url":"https:\/\/www.praderwillicat.org\/wp-content\/uploads\/2026\/04\/ILP-CONCERT-PUBLIC-600-x-400-px.png","type":"image\/png"}],"author":"Comunicaci\u00f3","twitter_card":"summary_large_image","twitter_misc":{"Escrito por":"Comunicaci\u00f3","Tiempo de lectura":"2 minutos"},"schema":{"@context":"https:\/\/schema.org","@graph":[{"@type":"Article","@id":"https:\/\/www.praderwillicat.org\/es\/prader-willi-catalunya-se-suma-a-la-ilp-por-la-concertacion-social\/#article","isPartOf":{"@id":"https:\/\/www.praderwillicat.org\/es\/prader-willi-catalunya-se-suma-a-la-ilp-por-la-concertacion-social\/"},"author":{"name":"Comunicaci\u00f3","@id":"https:\/\/www.praderwillicat.org\/es\/#\/schema\/person\/bfa7a7b9570a08465f2e89b7e333c980"},"headline":"Prader-Willi Catalunya se suma a la ILP por la Concertaci\u00f3n Social","datePublished":"2026-04-27T09:03:26+00:00","dateModified":"2026-04-27T09:28:31+00:00","mainEntityOfPage":{"@id":"https:\/\/www.praderwillicat.org\/es\/prader-willi-catalunya-se-suma-a-la-ilp-por-la-concertacion-social\/"},"wordCount":327,"publisher":{"@id":"https:\/\/www.praderwillicat.org\/es\/#organization"},"articleSection":["Noticias","Noticias inicio"],"inLanguage":"es"},{"@type":"WebPage","@id":"https:\/\/www.praderwillicat.org\/es\/prader-willi-catalunya-se-suma-a-la-ilp-por-la-concertacion-social\/","url":"https:\/\/www.praderwillicat.org\/es\/prader-willi-catalunya-se-suma-a-la-ilp-por-la-concertacion-social\/","name":"Prader-Willi Catalunya se suma a la ILP por la Concertaci\u00f3n Social - Prader-Willi Catalunya","isPartOf":{"@id":"https:\/\/www.praderwillicat.org\/es\/#website"},"datePublished":"2026-04-27T09:03:26+00:00","dateModified":"2026-04-27T09:28:31+00:00","breadcrumb":{"@id":"https:\/\/www.praderwillicat.org\/es\/prader-willi-catalunya-se-suma-a-la-ilp-por-la-concertacion-social\/#breadcrumb"},"inLanguage":"es","potentialAction":[{"@type":"ReadAction","target":["https:\/\/www.praderwillicat.org\/es\/prader-willi-catalunya-se-suma-a-la-ilp-por-la-concertacion-social\/"]}]},{"@type":"BreadcrumbList","@id":"https:\/\/www.praderwillicat.org\/es\/prader-willi-catalunya-se-suma-a-la-ilp-por-la-concertacion-social\/#breadcrumb","itemListElement":[{"@type":"ListItem","position":1,"name":"Inici","item":"https:\/\/www.praderwillicat.org\/"},{"@type":"ListItem","position":2,"name":"Prader-Willi Catalunya se suma a la ILP por la Concertaci\u00f3n Social"}]},{"@type":"WebSite","@id":"https:\/\/www.praderwillicat.org\/es\/#website","url":"https:\/\/www.praderwillicat.org\/es\/","name":"Prader-Willi Catalunya","description":"Associaci\u00f3 de fam\u00edlies afectades per la S\u00edndrome de Prader-Willi","publisher":{"@id":"https:\/\/www.praderwillicat.org\/es\/#organization"},"potentialAction":[{"@type":"SearchAction","target":{"@type":"EntryPoint","urlTemplate":"https:\/\/www.praderwillicat.org\/es\/?s={search_term_string}"},"query-input":"required name=search_term_string"}],"inLanguage":"es"},{"@type":"Organization","@id":"https:\/\/www.praderwillicat.org\/es\/#organization","name":"Prader-Willi Catalunya","url":"https:\/\/www.praderwillicat.org\/es\/","logo":{"@type":"ImageObject","inLanguage":"es","@id":"https:\/\/www.praderwillicat.org\/es\/#\/schema\/logo\/image\/","url":"https:\/\/www.praderwillicat.org\/wp-content\/uploads\/2022\/04\/cropped-logotipo_prader-willi_25_color_.png","contentUrl":"https:\/\/www.praderwillicat.org\/wp-content\/uploads\/2022\/04\/cropped-logotipo_prader-willi_25_color_.png","width":1916,"height":385,"caption":"Prader-Willi Catalunya"},"image":{"@id":"https:\/\/www.praderwillicat.org\/es\/#\/schema\/logo\/image\/"}},{"@type":"Person","@id":"https:\/\/www.praderwillicat.org\/es\/#\/schema\/person\/bfa7a7b9570a08465f2e89b7e333c980","name":"Comunicaci\u00f3","image":{"@type":"ImageObject","inLanguage":"es","@id":"https:\/\/www.praderwillicat.org\/es\/#\/schema\/person\/image\/","url":"https:\/\/secure.gravatar.com\/avatar\/f8ad0cdd714968d1292b89ba58ebb5d6410e06d6be4930fb9d6fa53e5ca08fd1?s=96&d=mm&r=g","contentUrl":"https:\/\/secure.gravatar.com\/avatar\/f8ad0cdd714968d1292b89ba58ebb5d6410e06d6be4930fb9d6fa53e5ca08fd1?s=96&d=mm&r=g","caption":"Comunicaci\u00f3"},"url":"https:\/\/www.praderwillicat.org\/es\/author\/anna-pw\/"}]}},"_links":{"self":[{"href":"https:\/\/www.praderwillicat.org\/es\/wp-json\/wp\/v2\/posts\/28551","targetHints":{"allow":["GET"]}}],"collection":[{"href":"https:\/\/www.praderwillicat.org\/es\/wp-json\/wp\/v2\/posts"}],"about":[{"href":"https:\/\/www.praderwillicat.org\/es\/wp-json\/wp\/v2\/types\/post"}],"author":[{"embeddable":true,"href":"https:\/\/www.praderwillicat.org\/es\/wp-json\/wp\/v2\/users\/8"}],"replies":[{"embeddable":true,"href":"https:\/\/www.praderwillicat.org\/es\/wp-json\/wp\/v2\/comments?post=28551"}],"version-history":[{"count":4,"href":"https:\/\/www.praderwillicat.org\/es\/wp-json\/wp\/v2\/posts\/28551\/revisions"}],"predecessor-version":[{"id":28558,"href":"https:\/\/www.praderwillicat.org\/es\/wp-json\/wp\/v2\/posts\/28551\/revisions\/28558"}],"wp:featuredmedia":[{"embeddable":true,"href":"https:\/\/www.praderwillicat.org\/es\/wp-json\/wp\/v2\/media\/28542"}],"wp:attachment":[{"href":"https:\/\/www.praderwillicat.org\/es\/wp-json\/wp\/v2\/media?parent=28551"}],"wp:term":[{"taxonomy":"category","embeddable":true,"href":"https:\/\/www.praderwillicat.org\/es\/wp-json\/wp\/v2\/categories?post=28551"},{"taxonomy":"post_tag","embeddable":true,"href":"https:\/\/www.praderwillicat.org\/es\/wp-json\/wp\/v2\/tags?post=28551"}],"curies":[{"name":"wp","href":"https:\/\/api.w.org\/{rel}","templated":true}]}}