{"id":28561,"date":"2026-04-27T12:14:45","date_gmt":"2026-04-27T11:14:45","guid":{"rendered":"https:\/\/www.praderwillicat.org\/?p=28561"},"modified":"2026-04-27T12:36:06","modified_gmt":"2026-04-27T11:36:06","slug":"parc-tauli-acull-una-jornada-de-referencia-sobre-la-sindrome-de-prader-willi","status":"publish","type":"post","link":"https:\/\/www.praderwillicat.org\/es\/parc-tauli-acull-una-jornada-de-referencia-sobre-la-sindrome-de-prader-willi\/","title":{"rendered":"El Parc Taul\u00ed acull una jornada de refer\u00e8ncia sobre la s\u00edndrome de Prader-Willi"},"content":{"rendered":"\t\t<div data-elementor-type=\"wp-post\" data-elementor-id=\"28561\" class=\"elementor elementor-28561\">\n\t\t\t\t\t\t<section class=\"elementor-section elementor-top-section elementor-element elementor-element-b8ce599 elementor-section-boxed elementor-section-height-default elementor-section-height-default\" data-id=\"b8ce599\" data-element_type=\"section\" data-e-type=\"section\">\n\t\t\t\t\t\t<div class=\"elementor-container elementor-column-gap-default\">\n\t\t\t\t\t<div class=\"elementor-column elementor-col-100 elementor-top-column elementor-element elementor-element-202bacf\" data-id=\"202bacf\" data-element_type=\"column\" data-e-type=\"column\">\n\t\t\t<div class=\"elementor-widget-wrap elementor-element-populated\">\n\t\t\t\t\t\t<div class=\"elementor-element elementor-element-128803e elementor-widget elementor-widget-text-editor\" data-id=\"128803e\" data-element_type=\"widget\" data-e-type=\"widget\" data-widget_type=\"text-editor.default\">\n\t\t\t\t<div class=\"elementor-widget-container\">\n\t\t\t\t\t\t\t\t\t<div class=\"text\">El\u00a0<strong class=\"bb strong_bb\">30 de maig\u00a0<\/strong>tindr\u00e0 lloc a l\u2019<strong class=\"bb strong_bb\">Auditori de la Corporaci\u00f3 Sanit\u00e0ria Parc Taul\u00ed de Sabadell\u00a0<\/strong>la jornada\u00a0<strong class=\"bb strong_bb\"><em class=\"bb em_bb\">Actualitzaci\u00f3 de la s\u00edndrome de Prader-Willi (SPW)<\/em><\/strong>, una trobada adre\u00e7ada especialment a familiars i persones cuidadores, organitzada conjuntament per l&#8217;Hospital Parc Taul\u00ed i l\u2019Associaci\u00f3 Prader-Willi Catalunya.<\/div><div class=\"text\"><div class=\"image\">\u00a0<\/div>El\u00a0<strong class=\"bb strong_bb\">30 de maig\u00a0<\/strong>tindr\u00e0 lloc a l\u2019<strong class=\"bb strong_bb\">Auditori de la Corporaci\u00f3 Sanit\u00e0ria Parc Taul\u00ed de Sabadell<\/strong>\u00a0la jornada\u00a0<strong class=\"bb strong_bb\"><em class=\"bb em_bb\">Actualitzaci\u00f3 de la s\u00edndrome de Prader-Willi (SPW)<\/em><\/strong>, una trobada adre\u00e7ada especialment a familiars i persones cuidadores,\u00a0<strong class=\"bb strong_bb\">organitzada conjuntament per l&#8217;Hospital Parc Taul\u00ed i l\u2019Associaci\u00f3 Prader-Willi Catalunya.<\/strong><br \/><br \/>La jornada s\u2019emmarca tamb\u00e9 en la commemoraci\u00f3 del\u00a0<strong class=\"bb strong_bb\">Dia Internacional de la S\u00edndrome de Prader-Willi<\/strong>, convertint-se en una oportunitat \u00fanica per posar en valor els aven\u00e7os aconseguits i continuar impulsant la recerca, l\u2019atenci\u00f3 especialitzada i el suport a les fam\u00edlies.<br \/><br \/>Aquesta edici\u00f3 ser\u00e0 especialment emotiva, ja que coincideix amb\u00a0<strong class=\"bb strong_bb\">la commemoraci\u00f3 dels 30 anys de la nostra entitat<\/strong>, tres d\u00e8cades treballant al costat de les fam\u00edlies, promovent el coneixement de la s\u00edndrome, l\u2019acompanyament i la defensa dels drets de les persones amb SPW.<br \/><br \/><strong class=\"bb strong_bb\">Coneixement actualitzat i professionals de refer\u00e8ncia<\/strong><br \/>Al llarg del mat\u00ed, professionals de diferents especialitats compartiran coneixement actualitzat sobre la s\u00edndrome de Prader-Willi, tant des de la vessant cl\u00ednica com cient\u00edfica.<br \/><br \/>El programa abordar\u00e0 q\u00fcestions tan rellevants com la transici\u00f3 de pediatria a adults, la salut mental, els tractaments actuals, els assajos cl\u00ednics en marxa, estudis de cognici\u00f3 infantil, farmacogen\u00e8tica, neuroimatge i altres l\u00ednies de recerca obertes.<br \/><br \/>La participaci\u00f3 de professionals de refer\u00e8ncia converteix aquesta jornada en una cita de gran valor per a fam\u00edlies, persones cuidadores i totes aquelles persones interessades en la s\u00edndrome.<br \/><br \/><strong class=\"bb strong_bb\">Una jornada pensada per a les fam\u00edlies<\/strong><br \/>Per facilitar l\u2019assist\u00e8ncia i afavorir la conciliaci\u00f3, la jornada disposar\u00e0 d\u2019un\u00a0<strong class=\"bb strong_bb\">servei \u00a0de monitoratge<\/strong>, de manera que les fam\u00edlies puguin seguir les pon\u00e8ncies amb tranquil\u00b7litat mentre els seus fills i filles estan ben atesos\/es.<br \/><br \/>Volem que cap fam\u00edlia es quedi sense venir per dificultats organitzatives, i que tothom pugui gaudir d\u2019aquesta jornada especial en un entorn acollidor i accessible.<br \/><br \/><strong class=\"bb strong_bb\">Una cita per compartir, aprendre i avan\u00e7ar<\/strong><br \/>M\u00e9s enll\u00e0 del contingut cient\u00edfic, la jornada ser\u00e0 tamb\u00e9 un espai de trobada entre fam\u00edlies i professionals, on compartir experi\u00e8ncies, inquietuds i esperan\u00e7a.<br \/><br \/>Des de l\u2019Associaci\u00f3 Prader-Willi Catalunya ens fa especial il\u00b7lusi\u00f3 celebrar aquests 30 anys de traject\u00f2ria impulsant una jornada d\u2019aquest nivell al costat d\u2019un centre referent com el Parc Taul\u00ed.<br \/><br \/><strong class=\"bb strong_bb\">Inscripcions gratu\u00eftes<\/strong><br \/>La jornada \u00e9s gratu\u00efta, amb\u00a0<strong class=\"bb strong_bb\"><a class=\"bb a_bb\" href=\"https:\/\/docs.google.com\/forms\/d\/e\/1FAIpQLSfMOUMa3K8FuXq6oAhLPrT681zfbio6u6ydylq5muQvhshtlA\/viewform\" target=\"_blank\" rel=\"noopener\">inscripci\u00f3 pr\u00e8via a trav\u00e9s del seg\u00fcent enlla\u00e7<\/a><\/strong>.<br \/><br \/><strong class=\"bb strong_bb\">Amb el suport i aval de referents del sector<\/strong><br \/>La jornada compta amb el patrocini de\u00a0<strong class=\"bb strong_bb\"><a class=\"bb a_bb\" href=\"https:\/\/www.pfizer.es\/\" target=\"_blank\" rel=\"noopener\">Pfizer<\/a>\u00a0<\/strong>i amb l\u2019aval de la\u00a0<strong class=\"bb strong_bb\"><a class=\"bb a_bb\" href=\"https:\/\/www.seedo.es\/\" target=\"_blank\" rel=\"noopener\">SEEDO<\/a>\u00a0<\/strong>(Sociedad Espa\u00f1ola para el Estudio de la Obesidad) i la\u00a0<strong class=\"bb strong_bb\"><a class=\"bb a_bb\" href=\"https:\/\/www.seen.es\/\" target=\"_blank\" rel=\"noopener\">SEEN<\/a>\u00a0<\/strong>(Sociedad Espa\u00f1ola de Endocrinolog\u00eda y Nutrici\u00f3n).<br \/><br \/>Us hi esperem per compartir coneixement, fer comunitat i celebrar junts 30 anys fent pinya.<br \/><br \/>Podeu veure el programa en el seg\u00fcent\u00a0<strong><a href=\"https:\/\/www.praderwillicat.org\/wp-content\/uploads\/2026\/04\/Programa-catala-Jornada-SPW-30_05_2026.pdf\" target=\"_blank\" rel=\"noopener\">enlla\u00e7<\/a><\/strong>.<\/div>\t\t\t\t\t\t\t\t<\/div>\n\t\t\t\t<\/div>\n\t\t\t\t\t<\/div>\n\t\t<\/div>\n\t\t\t\t\t<\/div>\n\t\t<\/section>\n\t\t\t\t<\/div>\n\t\t","protected":false},"excerpt":{"rendered":"<p>El\u00a030 de maig\u00a0tindr\u00e0 lloc a l\u2019Auditori de la Corporaci\u00f3 Sanit\u00e0ria Parc Taul\u00ed de Sabadell\u00a0la jornada\u00a0Actualitzaci\u00f3 de la s\u00edndrome de Prader-Willi (SPW), una trobada adre\u00e7ada especialment a familiars i persones cuidadores, organitzada conjuntament per l&#8217;Hospital Parc Taul\u00ed i l\u2019Associaci\u00f3 Prader-Willi Catalunya.\u00a0El\u00a030 de maig\u00a0tindr\u00e0 lloc a l\u2019Auditori de la Corporaci\u00f3 Sanit\u00e0ria Parc Taul\u00ed de Sabadell\u00a0la jornada\u00a0Actualitzaci\u00f3 de &#8230; <a title=\"El Parc Taul\u00ed acull una jornada de refer\u00e8ncia sobre la s\u00edndrome de Prader-Willi\" class=\"read-more\" href=\"https:\/\/www.praderwillicat.org\/es\/parc-tauli-acull-una-jornada-de-referencia-sobre-la-sindrome-de-prader-willi\/\">Read more<\/a><\/p>\n","protected":false},"author":8,"featured_media":28562,"comment_status":"closed","ping_status":"open","sticky":false,"template":"","format":"standard","meta":{"generate_page_header":"","footnotes":""},"categories":[157,244],"tags":[],"class_list":["post-28561","post","type-post","status-publish","format-standard","has-post-thumbnail","hentry","category-noticias","category-noticias-inicio"],"yoast_head":"<!-- This site is optimized with the Yoast SEO plugin v20.4 - https:\/\/yoast.com\/wordpress\/plugins\/seo\/ -->\n<title>El Parc Taul\u00ed acull una jornada de refer\u00e8ncia sobre la s\u00edndrome de Prader-Willi - Prader-Willi Catalunya<\/title>\n<meta name=\"robots\" content=\"index, follow, max-snippet:-1, max-image-preview:large, max-video-preview:-1\" \/>\n<link rel=\"canonical\" href=\"https:\/\/www.praderwillicat.org\/es\/parc-tauli-acull-una-jornada-de-referencia-sobre-la-sindrome-de-prader-willi\/\" \/>\n<meta property=\"og:locale\" content=\"es_ES\" \/>\n<meta property=\"og:type\" content=\"article\" \/>\n<meta property=\"og:title\" content=\"El Parc Taul\u00ed acull una jornada de refer\u00e8ncia sobre la s\u00edndrome de Prader-Willi - Prader-Willi Catalunya\" \/>\n<meta property=\"og:description\" content=\"El\u00a030 de maig\u00a0tindr\u00e0 lloc a l\u2019Auditori de la Corporaci\u00f3 Sanit\u00e0ria Parc Taul\u00ed de Sabadell\u00a0la jornada\u00a0Actualitzaci\u00f3 de la s\u00edndrome de Prader-Willi (SPW), una trobada adre\u00e7ada especialment a familiars i persones cuidadores, organitzada conjuntament per l&#8217;Hospital Parc Taul\u00ed i l\u2019Associaci\u00f3 Prader-Willi Catalunya.\u00a0El\u00a030 de maig\u00a0tindr\u00e0 lloc a l\u2019Auditori de la Corporaci\u00f3 Sanit\u00e0ria Parc Taul\u00ed de Sabadell\u00a0la jornada\u00a0Actualitzaci\u00f3 de ... Read more\" \/>\n<meta property=\"og:url\" content=\"https:\/\/www.praderwillicat.org\/es\/parc-tauli-acull-una-jornada-de-referencia-sobre-la-sindrome-de-prader-willi\/\" \/>\n<meta property=\"og:site_name\" content=\"Prader-Willi Catalunya\" \/>\n<meta property=\"article:published_time\" content=\"2026-04-27T11:14:45+00:00\" \/>\n<meta property=\"article:modified_time\" content=\"2026-04-27T11:36:06+00:00\" \/>\n<meta property=\"og:image\" content=\"https:\/\/www.praderwillicat.org\/wp-content\/uploads\/2026\/04\/Jornada-Parc-Tauli-600-x-400-px-2.png\" \/>\n\t<meta property=\"og:image:width\" content=\"600\" \/>\n\t<meta property=\"og:image:height\" content=\"400\" \/>\n\t<meta property=\"og:image:type\" content=\"image\/png\" \/>\n<meta name=\"author\" content=\"Comunicaci\u00f3\" \/>\n<meta name=\"twitter:card\" content=\"summary_large_image\" \/>\n<meta name=\"twitter:label1\" content=\"Escrito por\" \/>\n\t<meta name=\"twitter:data1\" content=\"Comunicaci\u00f3\" \/>\n\t<meta name=\"twitter:label2\" content=\"Tiempo de lectura\" \/>\n\t<meta name=\"twitter:data2\" content=\"3 minutos\" \/>\n<script type=\"application\/ld+json\" class=\"yoast-schema-graph\">{\"@context\":\"https:\/\/schema.org\",\"@graph\":[{\"@type\":\"Article\",\"@id\":\"https:\/\/www.praderwillicat.org\/es\/parc-tauli-acull-una-jornada-de-referencia-sobre-la-sindrome-de-prader-willi\/#article\",\"isPartOf\":{\"@id\":\"https:\/\/www.praderwillicat.org\/es\/parc-tauli-acull-una-jornada-de-referencia-sobre-la-sindrome-de-prader-willi\/\"},\"author\":{\"name\":\"Comunicaci\u00f3\",\"@id\":\"https:\/\/www.praderwillicat.org\/es\/#\/schema\/person\/bfa7a7b9570a08465f2e89b7e333c980\"},\"headline\":\"El Parc Taul\u00ed acull una jornada de refer\u00e8ncia sobre la s\u00edndrome de Prader-Willi\",\"datePublished\":\"2026-04-27T11:14:45+00:00\",\"dateModified\":\"2026-04-27T11:36:06+00:00\",\"mainEntityOfPage\":{\"@id\":\"https:\/\/www.praderwillicat.org\/es\/parc-tauli-acull-una-jornada-de-referencia-sobre-la-sindrome-de-prader-willi\/\"},\"wordCount\":539,\"publisher\":{\"@id\":\"https:\/\/www.praderwillicat.org\/es\/#organization\"},\"articleSection\":[\"Noticias\",\"Noticias inicio\"],\"inLanguage\":\"es\"},{\"@type\":\"WebPage\",\"@id\":\"https:\/\/www.praderwillicat.org\/es\/parc-tauli-acull-una-jornada-de-referencia-sobre-la-sindrome-de-prader-willi\/\",\"url\":\"https:\/\/www.praderwillicat.org\/es\/parc-tauli-acull-una-jornada-de-referencia-sobre-la-sindrome-de-prader-willi\/\",\"name\":\"El Parc Taul\u00ed acull una jornada de refer\u00e8ncia sobre la s\u00edndrome de Prader-Willi - Prader-Willi Catalunya\",\"isPartOf\":{\"@id\":\"https:\/\/www.praderwillicat.org\/es\/#website\"},\"datePublished\":\"2026-04-27T11:14:45+00:00\",\"dateModified\":\"2026-04-27T11:36:06+00:00\",\"breadcrumb\":{\"@id\":\"https:\/\/www.praderwillicat.org\/es\/parc-tauli-acull-una-jornada-de-referencia-sobre-la-sindrome-de-prader-willi\/#breadcrumb\"},\"inLanguage\":\"es\",\"potentialAction\":[{\"@type\":\"ReadAction\",\"target\":[\"https:\/\/www.praderwillicat.org\/es\/parc-tauli-acull-una-jornada-de-referencia-sobre-la-sindrome-de-prader-willi\/\"]}]},{\"@type\":\"BreadcrumbList\",\"@id\":\"https:\/\/www.praderwillicat.org\/es\/parc-tauli-acull-una-jornada-de-referencia-sobre-la-sindrome-de-prader-willi\/#breadcrumb\",\"itemListElement\":[{\"@type\":\"ListItem\",\"position\":1,\"name\":\"Inici\",\"item\":\"https:\/\/www.praderwillicat.org\/\"},{\"@type\":\"ListItem\",\"position\":2,\"name\":\"El Parc Taul\u00ed acull una jornada de refer\u00e8ncia sobre la s\u00edndrome de Prader-Willi\"}]},{\"@type\":\"WebSite\",\"@id\":\"https:\/\/www.praderwillicat.org\/es\/#website\",\"url\":\"https:\/\/www.praderwillicat.org\/es\/\",\"name\":\"Prader-Willi Catalunya\",\"description\":\"Associaci\u00f3 de fam\u00edlies afectades per la S\u00edndrome de Prader-Willi\",\"publisher\":{\"@id\":\"https:\/\/www.praderwillicat.org\/es\/#organization\"},\"potentialAction\":[{\"@type\":\"SearchAction\",\"target\":{\"@type\":\"EntryPoint\",\"urlTemplate\":\"https:\/\/www.praderwillicat.org\/es\/?s={search_term_string}\"},\"query-input\":\"required name=search_term_string\"}],\"inLanguage\":\"es\"},{\"@type\":\"Organization\",\"@id\":\"https:\/\/www.praderwillicat.org\/es\/#organization\",\"name\":\"Prader-Willi Catalunya\",\"url\":\"https:\/\/www.praderwillicat.org\/es\/\",\"logo\":{\"@type\":\"ImageObject\",\"inLanguage\":\"es\",\"@id\":\"https:\/\/www.praderwillicat.org\/es\/#\/schema\/logo\/image\/\",\"url\":\"https:\/\/www.praderwillicat.org\/wp-content\/uploads\/2022\/04\/cropped-logotipo_prader-willi_25_color_.png\",\"contentUrl\":\"https:\/\/www.praderwillicat.org\/wp-content\/uploads\/2022\/04\/cropped-logotipo_prader-willi_25_color_.png\",\"width\":1916,\"height\":385,\"caption\":\"Prader-Willi Catalunya\"},\"image\":{\"@id\":\"https:\/\/www.praderwillicat.org\/es\/#\/schema\/logo\/image\/\"}},{\"@type\":\"Person\",\"@id\":\"https:\/\/www.praderwillicat.org\/es\/#\/schema\/person\/bfa7a7b9570a08465f2e89b7e333c980\",\"name\":\"Comunicaci\u00f3\",\"image\":{\"@type\":\"ImageObject\",\"inLanguage\":\"es\",\"@id\":\"https:\/\/www.praderwillicat.org\/es\/#\/schema\/person\/image\/\",\"url\":\"https:\/\/secure.gravatar.com\/avatar\/f8ad0cdd714968d1292b89ba58ebb5d6410e06d6be4930fb9d6fa53e5ca08fd1?s=96&d=mm&r=g\",\"contentUrl\":\"https:\/\/secure.gravatar.com\/avatar\/f8ad0cdd714968d1292b89ba58ebb5d6410e06d6be4930fb9d6fa53e5ca08fd1?s=96&d=mm&r=g\",\"caption\":\"Comunicaci\u00f3\"},\"url\":\"https:\/\/www.praderwillicat.org\/es\/author\/anna-pw\/\"}]}<\/script>\n<!-- \/ Yoast SEO plugin. -->","yoast_head_json":{"title":"El Parc Taul\u00ed acull una jornada de refer\u00e8ncia sobre la s\u00edndrome de Prader-Willi - Prader-Willi Catalunya","robots":{"index":"index","follow":"follow","max-snippet":"max-snippet:-1","max-image-preview":"max-image-preview:large","max-video-preview":"max-video-preview:-1"},"canonical":"https:\/\/www.praderwillicat.org\/es\/parc-tauli-acull-una-jornada-de-referencia-sobre-la-sindrome-de-prader-willi\/","og_locale":"es_ES","og_type":"article","og_title":"El Parc Taul\u00ed acull una jornada de refer\u00e8ncia sobre la s\u00edndrome de Prader-Willi - Prader-Willi Catalunya","og_description":"El\u00a030 de maig\u00a0tindr\u00e0 lloc a l\u2019Auditori de la Corporaci\u00f3 Sanit\u00e0ria Parc Taul\u00ed de Sabadell\u00a0la jornada\u00a0Actualitzaci\u00f3 de la s\u00edndrome de Prader-Willi (SPW), una trobada adre\u00e7ada especialment a familiars i persones cuidadores, organitzada conjuntament per l&#8217;Hospital Parc Taul\u00ed i l\u2019Associaci\u00f3 Prader-Willi Catalunya.\u00a0El\u00a030 de maig\u00a0tindr\u00e0 lloc a l\u2019Auditori de la Corporaci\u00f3 Sanit\u00e0ria Parc Taul\u00ed de Sabadell\u00a0la jornada\u00a0Actualitzaci\u00f3 de ... Read more","og_url":"https:\/\/www.praderwillicat.org\/es\/parc-tauli-acull-una-jornada-de-referencia-sobre-la-sindrome-de-prader-willi\/","og_site_name":"Prader-Willi Catalunya","article_published_time":"2026-04-27T11:14:45+00:00","article_modified_time":"2026-04-27T11:36:06+00:00","og_image":[{"width":600,"height":400,"url":"https:\/\/www.praderwillicat.org\/wp-content\/uploads\/2026\/04\/Jornada-Parc-Tauli-600-x-400-px-2.png","type":"image\/png"}],"author":"Comunicaci\u00f3","twitter_card":"summary_large_image","twitter_misc":{"Escrito por":"Comunicaci\u00f3","Tiempo de lectura":"3 minutos"},"schema":{"@context":"https:\/\/schema.org","@graph":[{"@type":"Article","@id":"https:\/\/www.praderwillicat.org\/es\/parc-tauli-acull-una-jornada-de-referencia-sobre-la-sindrome-de-prader-willi\/#article","isPartOf":{"@id":"https:\/\/www.praderwillicat.org\/es\/parc-tauli-acull-una-jornada-de-referencia-sobre-la-sindrome-de-prader-willi\/"},"author":{"name":"Comunicaci\u00f3","@id":"https:\/\/www.praderwillicat.org\/es\/#\/schema\/person\/bfa7a7b9570a08465f2e89b7e333c980"},"headline":"El Parc Taul\u00ed acull una jornada de refer\u00e8ncia sobre la s\u00edndrome de Prader-Willi","datePublished":"2026-04-27T11:14:45+00:00","dateModified":"2026-04-27T11:36:06+00:00","mainEntityOfPage":{"@id":"https:\/\/www.praderwillicat.org\/es\/parc-tauli-acull-una-jornada-de-referencia-sobre-la-sindrome-de-prader-willi\/"},"wordCount":539,"publisher":{"@id":"https:\/\/www.praderwillicat.org\/es\/#organization"},"articleSection":["Noticias","Noticias inicio"],"inLanguage":"es"},{"@type":"WebPage","@id":"https:\/\/www.praderwillicat.org\/es\/parc-tauli-acull-una-jornada-de-referencia-sobre-la-sindrome-de-prader-willi\/","url":"https:\/\/www.praderwillicat.org\/es\/parc-tauli-acull-una-jornada-de-referencia-sobre-la-sindrome-de-prader-willi\/","name":"El Parc Taul\u00ed acull una jornada de refer\u00e8ncia sobre la s\u00edndrome de Prader-Willi - Prader-Willi Catalunya","isPartOf":{"@id":"https:\/\/www.praderwillicat.org\/es\/#website"},"datePublished":"2026-04-27T11:14:45+00:00","dateModified":"2026-04-27T11:36:06+00:00","breadcrumb":{"@id":"https:\/\/www.praderwillicat.org\/es\/parc-tauli-acull-una-jornada-de-referencia-sobre-la-sindrome-de-prader-willi\/#breadcrumb"},"inLanguage":"es","potentialAction":[{"@type":"ReadAction","target":["https:\/\/www.praderwillicat.org\/es\/parc-tauli-acull-una-jornada-de-referencia-sobre-la-sindrome-de-prader-willi\/"]}]},{"@type":"BreadcrumbList","@id":"https:\/\/www.praderwillicat.org\/es\/parc-tauli-acull-una-jornada-de-referencia-sobre-la-sindrome-de-prader-willi\/#breadcrumb","itemListElement":[{"@type":"ListItem","position":1,"name":"Inici","item":"https:\/\/www.praderwillicat.org\/"},{"@type":"ListItem","position":2,"name":"El Parc Taul\u00ed acull una jornada de refer\u00e8ncia sobre la s\u00edndrome de Prader-Willi"}]},{"@type":"WebSite","@id":"https:\/\/www.praderwillicat.org\/es\/#website","url":"https:\/\/www.praderwillicat.org\/es\/","name":"Prader-Willi Catalunya","description":"Associaci\u00f3 de fam\u00edlies afectades per la S\u00edndrome de Prader-Willi","publisher":{"@id":"https:\/\/www.praderwillicat.org\/es\/#organization"},"potentialAction":[{"@type":"SearchAction","target":{"@type":"EntryPoint","urlTemplate":"https:\/\/www.praderwillicat.org\/es\/?s={search_term_string}"},"query-input":"required name=search_term_string"}],"inLanguage":"es"},{"@type":"Organization","@id":"https:\/\/www.praderwillicat.org\/es\/#organization","name":"Prader-Willi Catalunya","url":"https:\/\/www.praderwillicat.org\/es\/","logo":{"@type":"ImageObject","inLanguage":"es","@id":"https:\/\/www.praderwillicat.org\/es\/#\/schema\/logo\/image\/","url":"https:\/\/www.praderwillicat.org\/wp-content\/uploads\/2022\/04\/cropped-logotipo_prader-willi_25_color_.png","contentUrl":"https:\/\/www.praderwillicat.org\/wp-content\/uploads\/2022\/04\/cropped-logotipo_prader-willi_25_color_.png","width":1916,"height":385,"caption":"Prader-Willi Catalunya"},"image":{"@id":"https:\/\/www.praderwillicat.org\/es\/#\/schema\/logo\/image\/"}},{"@type":"Person","@id":"https:\/\/www.praderwillicat.org\/es\/#\/schema\/person\/bfa7a7b9570a08465f2e89b7e333c980","name":"Comunicaci\u00f3","image":{"@type":"ImageObject","inLanguage":"es","@id":"https:\/\/www.praderwillicat.org\/es\/#\/schema\/person\/image\/","url":"https:\/\/secure.gravatar.com\/avatar\/f8ad0cdd714968d1292b89ba58ebb5d6410e06d6be4930fb9d6fa53e5ca08fd1?s=96&d=mm&r=g","contentUrl":"https:\/\/secure.gravatar.com\/avatar\/f8ad0cdd714968d1292b89ba58ebb5d6410e06d6be4930fb9d6fa53e5ca08fd1?s=96&d=mm&r=g","caption":"Comunicaci\u00f3"},"url":"https:\/\/www.praderwillicat.org\/es\/author\/anna-pw\/"}]}},"_links":{"self":[{"href":"https:\/\/www.praderwillicat.org\/es\/wp-json\/wp\/v2\/posts\/28561","targetHints":{"allow":["GET"]}}],"collection":[{"href":"https:\/\/www.praderwillicat.org\/es\/wp-json\/wp\/v2\/posts"}],"about":[{"href":"https:\/\/www.praderwillicat.org\/es\/wp-json\/wp\/v2\/types\/post"}],"author":[{"embeddable":true,"href":"https:\/\/www.praderwillicat.org\/es\/wp-json\/wp\/v2\/users\/8"}],"replies":[{"embeddable":true,"href":"https:\/\/www.praderwillicat.org\/es\/wp-json\/wp\/v2\/comments?post=28561"}],"version-history":[{"count":8,"href":"https:\/\/www.praderwillicat.org\/es\/wp-json\/wp\/v2\/posts\/28561\/revisions"}],"predecessor-version":[{"id":28578,"href":"https:\/\/www.praderwillicat.org\/es\/wp-json\/wp\/v2\/posts\/28561\/revisions\/28578"}],"wp:featuredmedia":[{"embeddable":true,"href":"https:\/\/www.praderwillicat.org\/es\/wp-json\/wp\/v2\/media\/28562"}],"wp:attachment":[{"href":"https:\/\/www.praderwillicat.org\/es\/wp-json\/wp\/v2\/media?parent=28561"}],"wp:term":[{"taxonomy":"category","embeddable":true,"href":"https:\/\/www.praderwillicat.org\/es\/wp-json\/wp\/v2\/categories?post=28561"},{"taxonomy":"post_tag","embeddable":true,"href":"https:\/\/www.praderwillicat.org\/es\/wp-json\/wp\/v2\/tags?post=28561"}],"curies":[{"name":"wp","href":"https:\/\/api.w.org\/{rel}","templated":true}]}}